{"id":198,"date":"2011-08-22T08:43:05","date_gmt":"2011-08-22T08:43:05","guid":{"rendered":"http:\/\/www.heitec-umwelttechnik.de\/?p=198"},"modified":"2015-02-04T12:16:19","modified_gmt":"2015-02-04T12:16:19","slug":"kosten-und-termine-herbstkurse","status":"publish","type":"post","link":"https:\/\/www.heitec-umwelttechnik.de\/wordpress\/kosten-und-termine-herbstkurse\/","title":{"rendered":"Kosten und Termine Herbstkurse"},"content":{"rendered":"<p>Nein, der Verdacht eine neue Konzeption geht mit einer Preiserh\u00f6hung einher stimmt nicht. Der Basis- und Profikurs bleibt stabil im Preis und in diesem Jahr k\u00f6nnen wir auch noch die Rabatte f\u00fcr Firmen, die mehrere Mitarbeiter schicken halten.<\/p>\n<p><strong>Preise Basis- und Profikurs<\/strong><\/p>\n<p>Die Preise je Workshop sind konstant geblieben: je Workshop 750 \u20acuro. Die Anreise und die \u00dcbernachtung sind individuell und nicht im Preis enthalten.<\/p>\n<p><strong>Firmen und Firmenrabatte<\/strong><\/p>\n<table border=\"1\" cellspacing=\"0\" cellpadding=\"0\">\n<tbody>\n<tr>\n<td valign=\"top\" width=\"154\"><strong>Preis je Workshop<\/strong><\/td>\n<td valign=\"top\" width=\"154\"><strong> 1 Teilnehmer<\/strong><\/td>\n<td valign=\"top\" width=\"154\"><strong>2 Teilnehmer<\/strong><\/td>\n<td valign=\"top\" width=\"154\"><strong>3 Teilnehmer<\/strong><\/td>\n<\/tr>\n<tr>\n<td valign=\"top\" width=\"154\">Firma<\/td>\n<td valign=\"top\" width=\"154\">750 \u20ac<\/td>\n<td valign=\"top\" width=\"154\">1.050 \u20ac<\/td>\n<td valign=\"top\" width=\"154\">1.300<\/td>\n<\/tr>\n<\/tbody>\n<\/table>\n<p>Der Basiskurs besteht aus 3 Workshops, der Profikurs aus 4 Workshops.<\/p>\n<p><strong>Termine Basis- und Profikurs<\/strong><\/p>\n<p>Wir versuchen immer den 1. Termin des neuen Kurses mit dem letzten Termin des laufenden Kurses zusammen zu legen. Die Teilnehmer k\u00f6nnen dann die Erfahrungen austauschen.<\/p>\n<p>Wir planen den 1. Termin f\u00fcr Basis- und Profikurs im <strong>Oktober 2011.<\/strong> Bisher hat es sich als positiv erwiesen den Workshop Montag-Dienstag zu legen. Dadurch ist\u00a0 eine Sonntagsanreise m\u00f6glich. Der Workshop endet Dienstagmittag. Damit ist eine R\u00fcckreise am Dienstag m\u00f6glich.<\/p>\n<p>&nbsp;<\/p>\n<p>&nbsp;<\/p>\n<p>&nbsp;<\/p>\n","protected":false},"excerpt":{"rendered":"<p>Nein, der Verdacht eine neue Konzeption geht mit einer Preiserh\u00f6hung einher stimmt nicht. Der Basis- und Profikurs bleibt stabil im Preis und in diesem Jahr k\u00f6nnen wir auch noch die Rabatte f\u00fcr Firmen, die mehrere Mitarbeiter schicken halten. Preise Basis- und Profikurs Die Preise je Workshop sind konstant geblieben: je Workshop 750 \u20acuro. Die Anreise&hellip; <br \/> <a class=\"read-more\" href=\"https:\/\/www.heitec-umwelttechnik.de\/wordpress\/kosten-und-termine-herbstkurse\/\">Weiterlesen<\/a><\/p>\n","protected":false},"author":3,"featured_media":468,"comment_status":"open","ping_status":"open","sticky":false,"template":"","format":"standard","meta":{"iawp_total_views":1,"footnotes":""},"categories":[2,9],"tags":[],"class_list":["post-198","post","type-post","status-publish","format-standard","has-post-thumbnail","hentry","category-uncategorized","category-fortbildung"],"_links":{"self":[{"href":"https:\/\/www.heitec-umwelttechnik.de\/wordpress\/wp-json\/wp\/v2\/posts\/198","targetHints":{"allow":["GET"]}}],"collection":[{"href":"https:\/\/www.heitec-umwelttechnik.de\/wordpress\/wp-json\/wp\/v2\/posts"}],"about":[{"href":"https:\/\/www.heitec-umwelttechnik.de\/wordpress\/wp-json\/wp\/v2\/types\/post"}],"author":[{"embeddable":true,"href":"https:\/\/www.heitec-umwelttechnik.de\/wordpress\/wp-json\/wp\/v2\/users\/3"}],"replies":[{"embeddable":true,"href":"https:\/\/www.heitec-umwelttechnik.de\/wordpress\/wp-json\/wp\/v2\/comments?post=198"}],"version-history":[{"count":1,"href":"https:\/\/www.heitec-umwelttechnik.de\/wordpress\/wp-json\/wp\/v2\/posts\/198\/revisions"}],"predecessor-version":[{"id":469,"href":"https:\/\/www.heitec-umwelttechnik.de\/wordpress\/wp-json\/wp\/v2\/posts\/198\/revisions\/469"}],"wp:featuredmedia":[{"embeddable":true,"href":"https:\/\/www.heitec-umwelttechnik.de\/wordpress\/wp-json\/wp\/v2\/media\/468"}],"wp:attachment":[{"href":"https:\/\/www.heitec-umwelttechnik.de\/wordpress\/wp-json\/wp\/v2\/media?parent=198"}],"wp:term":[{"taxonomy":"category","embeddable":true,"href":"https:\/\/www.heitec-umwelttechnik.de\/wordpress\/wp-json\/wp\/v2\/categories?post=198"},{"taxonomy":"post_tag","embeddable":true,"href":"https:\/\/www.heitec-umwelttechnik.de\/wordpress\/wp-json\/wp\/v2\/tags?post=198"}],"curies":[{"name":"wp","href":"https:\/\/api.w.org\/{rel}","templated":true}]}}