{"id":342,"date":"2014-06-30T08:51:02","date_gmt":"2014-06-30T08:51:02","guid":{"rendered":"http:\/\/www.heitec-umwelttechnik.de\/?p=342"},"modified":"2015-02-04T11:21:31","modified_gmt":"2015-02-04T11:21:31","slug":"pius-laenderkonferenz-2014","status":"publish","type":"post","link":"https:\/\/www.heitec-umwelttechnik.de\/wordpress\/pius-laenderkonferenz-2014\/","title":{"rendered":"PIUS-L\u00e4nderkonferenz 2014"},"content":{"rendered":"<p>Am 1. und 2. Juli laden die Bundesl\u00e4nder Baden-W\u00fcrttemberg, Hessen, Nordrhein-Westfalen und Rheinland-Pfalz zur &#8222;5. PIUS-L\u00e4nderkonferenz 2014 &#8211; Gemeinsam zu mehr Innovation und Ressourceneffizienz&#8220; in Kooperation mit dem PIUS-Internet-Portal nach Frankfurt ein.<\/p>\n<p>Auch hier werden die neuen technologischen Trends\u00a0 wie Industrie 4.0, 3D-Druck und Biok\u00f6nomie aufgegriffen und im Hinblick auf ihre Relevanz bei der Schonung von Ressourcen diskutiert. Das gesamte Programm gibt es unten zum Download.<\/p>\n<p>HeiTec wird kein technischen Thema vorstellen wie auf den Oberfl\u00e4chentagen im September, sondern gemeinsam mit dem Herrn Sittel von der EFA ein World-Cafe zum Thema &#8222;Wissen und Know-how als Basis f\u00fcr ressourcenschonendes Handeln&#8220; unter der \u00dcberschrift &#8222;Ressource Mensch&#8220;\u00a0 moderieren.<\/p>\n<p>Kurioses Thema? Nein, ganz spannendes Thema.\u00a0 Vor einigen Jahren war noch Wissensmanagement ein gro\u00dfes Thema f\u00fcr die Firmen.<\/p>\n<p>Wissensmanagement ist ein gro\u00dfes Wort, trifft aber nicht die betriebliche Realit\u00e4t \u00a0Die \u00a0Herausforderungen einer vernetzten Produktion (Industrie 4.0) verlangen nach Integration von Wissen, Erfahrung, Kreativit\u00e4t und Kommunikation zu einem f\u00fcr alle \u00a0Prozessbeteilige \/ -betroffene verf\u00fcgbaren Know-How-Pool.<\/p>\n<p>F\u00fcr F\u00fchrungskr\u00e4fte ist dies eine gro\u00dfe Herausforderung, da sie nicht nur das Tagesgesch\u00e4ft abdecken wollen \/ m\u00fcssen.<\/p>\n<p>Mit welchen Mitteln und trainierbaren Verhaltens- und Vorgehensweisen diese Aufgabe angegangen werden kann, werden wir im World Cafe diskutieren.<\/p>\n<p>Das World Cafe bietet die M\u00f6glichkeit eigene Ideen zu pr\u00e4sentieren, zu diskutieren und neue Zug\u00e4nge kennenzulernen.<\/p>\n<p>Das komplette Programm als Download <code>[Download nicht gefunden.]<\/code><\/p>\n","protected":false},"excerpt":{"rendered":"<p>Am 1. und 2. Juli laden die Bundesl\u00e4nder Baden-W\u00fcrttemberg, Hessen, Nordrhein-Westfalen und Rheinland-Pfalz zur &#8222;5. PIUS-L\u00e4nderkonferenz 2014 &#8211; Gemeinsam zu mehr Innovation und Ressourceneffizienz&#8220; in Kooperation mit dem PIUS-Internet-Portal nach Frankfurt ein.<br \/>\nHeiTec wird kein technischen Thema vorstellen wie auf den Oberfl\u00e4chentagen im September, sondern gemeinsam mit dem Herrn Sittel von der EFA ein World-Cafe zum Thema &#8222;Wissen und Know-how als Basis f\u00fcr ressourcenschonendes Handeln&#8220; unter der \u00dcberschrift &#8222;Ressource Mensch&#8220;  moderieren.<\/p>\n","protected":false},"author":3,"featured_media":462,"comment_status":"open","ping_status":"open","sticky":false,"template":"","format":"standard","meta":{"iawp_total_views":4,"footnotes":""},"categories":[2,7],"tags":[13,15,29,30],"class_list":["post-342","post","type-post","status-publish","format-standard","has-post-thumbnail","hentry","category-uncategorized","category-potenzialcheck","tag-check","tag-effcheck","tag-pius-check","tag-potenzialcheck"],"_links":{"self":[{"href":"https:\/\/www.heitec-umwelttechnik.de\/wordpress\/wp-json\/wp\/v2\/posts\/342","targetHints":{"allow":["GET"]}}],"collection":[{"href":"https:\/\/www.heitec-umwelttechnik.de\/wordpress\/wp-json\/wp\/v2\/posts"}],"about":[{"href":"https:\/\/www.heitec-umwelttechnik.de\/wordpress\/wp-json\/wp\/v2\/types\/post"}],"author":[{"embeddable":true,"href":"https:\/\/www.heitec-umwelttechnik.de\/wordpress\/wp-json\/wp\/v2\/users\/3"}],"replies":[{"embeddable":true,"href":"https:\/\/www.heitec-umwelttechnik.de\/wordpress\/wp-json\/wp\/v2\/comments?post=342"}],"version-history":[{"count":1,"href":"https:\/\/www.heitec-umwelttechnik.de\/wordpress\/wp-json\/wp\/v2\/posts\/342\/revisions"}],"predecessor-version":[{"id":461,"href":"https:\/\/www.heitec-umwelttechnik.de\/wordpress\/wp-json\/wp\/v2\/posts\/342\/revisions\/461"}],"wp:featuredmedia":[{"embeddable":true,"href":"https:\/\/www.heitec-umwelttechnik.de\/wordpress\/wp-json\/wp\/v2\/media\/462"}],"wp:attachment":[{"href":"https:\/\/www.heitec-umwelttechnik.de\/wordpress\/wp-json\/wp\/v2\/media?parent=342"}],"wp:term":[{"taxonomy":"category","embeddable":true,"href":"https:\/\/www.heitec-umwelttechnik.de\/wordpress\/wp-json\/wp\/v2\/categories?post=342"},{"taxonomy":"post_tag","embeddable":true,"href":"https:\/\/www.heitec-umwelttechnik.de\/wordpress\/wp-json\/wp\/v2\/tags?post=342"}],"curies":[{"name":"wp","href":"https:\/\/api.w.org\/{rel}","templated":true}]}}